{"id":841,"date":"2017-06-30T05:25:21","date_gmt":"2017-06-30T05:25:21","guid":{"rendered":"http:\/\/www.van-tied-to-tied.de\/?p=841"},"modified":"2017-06-30T06:13:40","modified_gmt":"2017-06-30T06:13:40","slug":"van-minsk-to-minsk-zu-gast-in-hannover","status":"publish","type":"post","link":"https:\/\/www.van-tied-to-tied.de\/?p=841","title":{"rendered":"&#8222;Van Minsk to Minsk&#8220; zu Gast in Hannover"},"content":{"rendered":"<p><img decoding=\"async\" loading=\"lazy\" class=\"alignleft wp-image-236\" src=\"http:\/\/www.van-tied-to-tied.de\/wp-content\/uploads\/2012\/08\/Band_120712_juel_020-1024x713.jpg\" alt=\"Band_120712_juel_020\" width=\"272\" height=\"189\" srcset=\"https:\/\/www.van-tied-to-tied.de\/wp-content\/uploads\/2012\/08\/Band_120712_juel_020-1024x713.jpg 1024w, https:\/\/www.van-tied-to-tied.de\/wp-content\/uploads\/2012\/08\/Band_120712_juel_020-300x208.jpg 300w\" sizes=\"(max-width: 272px) 100vw, 272px\" \/>Am 3. September 2017 um 18:00 Uhr pr\u00e4sentieren wir unser neues Programm in der <a href=\"https:\/\/www.tonhalle-hannover.de\/Veranstaltung\/van-tied-to-tied\/?instance_id=24436\" target=\"_blank\">Tonhalle Hannover<\/a>, Fischerstra\u00dfe 1.<\/p>\n<p><a href=\"https:\/\/www.tonhalle-hannover.de\/kartenvorbestellung\/\" target=\"_blank\">Tickets<\/a> gibt es f\u00fcr 15,00\u20ac\/12,50\u20ac im VVK u.erm\u00e4\u00dfigt 10\u20ac<\/p>\n<p><em>Das Konzert wir unterst\u00fctzt vom Kulturb\u00fcro der Stadt Hannover.<\/em><\/p>\n","protected":false},"excerpt":{"rendered":"<p>Am 3. September 2017 um 18:00 Uhr pr\u00e4sentieren wir unser neues Programm in der Tonhalle Hannover, Fischerstra\u00dfe 1. Tickets gibt es f\u00fcr 15,00\u20ac\/12,50\u20ac im VVK u.erm\u00e4\u00dfigt 10\u20ac Das Konzert wir unterst\u00fctzt vom Kulturb\u00fcro der Stadt Hannover.<\/p>\n","protected":false},"author":1,"featured_media":0,"comment_status":"closed","ping_status":"closed","sticky":false,"template":"","format":"standard","meta":[],"categories":[8],"tags":[],"_links":{"self":[{"href":"https:\/\/www.van-tied-to-tied.de\/index.php?rest_route=\/wp\/v2\/posts\/841"}],"collection":[{"href":"https:\/\/www.van-tied-to-tied.de\/index.php?rest_route=\/wp\/v2\/posts"}],"about":[{"href":"https:\/\/www.van-tied-to-tied.de\/index.php?rest_route=\/wp\/v2\/types\/post"}],"author":[{"embeddable":true,"href":"https:\/\/www.van-tied-to-tied.de\/index.php?rest_route=\/wp\/v2\/users\/1"}],"replies":[{"embeddable":true,"href":"https:\/\/www.van-tied-to-tied.de\/index.php?rest_route=%2Fwp%2Fv2%2Fcomments&post=841"}],"version-history":[{"count":5,"href":"https:\/\/www.van-tied-to-tied.de\/index.php?rest_route=\/wp\/v2\/posts\/841\/revisions"}],"predecessor-version":[{"id":863,"href":"https:\/\/www.van-tied-to-tied.de\/index.php?rest_route=\/wp\/v2\/posts\/841\/revisions\/863"}],"wp:attachment":[{"href":"https:\/\/www.van-tied-to-tied.de\/index.php?rest_route=%2Fwp%2Fv2%2Fmedia&parent=841"}],"wp:term":[{"taxonomy":"category","embeddable":true,"href":"https:\/\/www.van-tied-to-tied.de\/index.php?rest_route=%2Fwp%2Fv2%2Fcategories&post=841"},{"taxonomy":"post_tag","embeddable":true,"href":"https:\/\/www.van-tied-to-tied.de\/index.php?rest_route=%2Fwp%2Fv2%2Ftags&post=841"}],"curies":[{"name":"wp","href":"https:\/\/api.w.org\/{rel}","templated":true}]}}