{"id":830,"date":"2017-05-11T04:37:34","date_gmt":"2017-05-11T04:37:34","guid":{"rendered":"http:\/\/www.van-tied-to-tied.de\/?p=830"},"modified":"2017-06-12T06:06:05","modified_gmt":"2017-06-12T06:06:05","slug":"premiere-van-minsk-to-minsk","status":"publish","type":"post","link":"https:\/\/www.van-tied-to-tied.de\/?p=830","title":{"rendered":"Premiere &#8222;Van Minsk to Minsk&#8220;"},"content":{"rendered":"<p><a href=\"http:\/\/www.gulfhof-ihnen.de\"><img decoding=\"async\" loading=\"lazy\" class=\"alignleft\" src=\"http:\/\/www.gulfhof-ihnen.de\/2gulfhof_vordergrund_aufgehellt_final.jpg\" alt=\"\" width=\"317\" height=\"216\" \/><\/a>Am 20.05.2017 stellen wir im Gulfhof Ihnen in Engerhafe erstmalig unser neues Programm \u201eVan Minsk to Minsk\u201c vor. Beginn ist um 20:00 Uhr.<\/p>\n<p><strong>Verein Gulfhof Ihnen e.V.<\/strong><br \/>\nKirchwyk 3<br \/>\n26624 S\u00fcdbrookmerland<\/p>\n<p>Eintritt: 15,- \u20ac<br \/>\nTickets: 04942-4082<\/p>\n<p><em>Das Konzert wird gef\u00f6rdert\u00a0durch die Ostfriesischen Landschaft.<\/em><\/p>\n<p><!--more--><\/p>\n<p>\u201eVan Minsk to Minsk\u201c ist ein musikalisch-literarisches Vortragsprogramm in plattdeutscher Sprache bestehend aus Lyrik und modernem Jazz, bei dem Text, Stimme und Musik gegen\u00fcbergestellt und kunstvoll ineinander verwoben werden. Eine literarisch-musikalische Spurensuche der besonderen Art, die die Sinne anspricht.<br \/>\nDer Dichter Hans-Hermann Briese und der Jazzmusiker Klaus Spencker setzen hierin ihre 2013 unter dem Titel \u201eVan Tied to Tied\u201c begonnene Zusammenarbeit fort .<br \/>\nBezogen sich die Texte bislang auf Beschreibungen von Erlebnissen, pers\u00f6nlichen Eindr\u00fccken oder Landschaftsbetrachtungen Ostfrieslands, wird im neuen Programm \u201eVan Minsk to Minsk\u201c das Thema Menschlichkeit und Menschsein in den Vordergrund gestellt. Vor dem Hintergrund tiefgreifender gesellschaftlicher Ver\u00e4nderungen durch das Aufeinandertreffen unterschiedlicher Menschen und Kulturen \u00fcber alle Grenzen hinweg und der damit verbundenen Auswirkungen und Reaktionen stellen sich die K\u00fcnstler dieses Projekts den Herausforderungen der Zeit. Klang und Wort gegen Skepsis und Misstrauen. Innehalten und Zuh\u00f6ren in dieser lauten Zeit.<\/p>\n","protected":false},"excerpt":{"rendered":"<p>Am 20.05.2017 stellen wir im Gulfhof Ihnen in Engerhafe erstmalig unser neues Programm \u201eVan Minsk to Minsk\u201c vor. Beginn ist um 20:00 Uhr. Verein Gulfhof Ihnen e.V. Kirchwyk 3 26624 S\u00fcdbrookmerland Eintritt: 15,- \u20ac Tickets: 04942-4082 Das Konzert wird gef\u00f6rdert\u00a0durch &hellip; <a href=\"https:\/\/www.van-tied-to-tied.de\/?p=830\">Lesen fortsetzen <span class=\"meta-nav\">&rarr;<\/span><\/a><\/p>\n","protected":false},"author":1,"featured_media":0,"comment_status":"closed","ping_status":"closed","sticky":false,"template":"","format":"standard","meta":[],"categories":[8],"tags":[],"_links":{"self":[{"href":"https:\/\/www.van-tied-to-tied.de\/index.php?rest_route=\/wp\/v2\/posts\/830"}],"collection":[{"href":"https:\/\/www.van-tied-to-tied.de\/index.php?rest_route=\/wp\/v2\/posts"}],"about":[{"href":"https:\/\/www.van-tied-to-tied.de\/index.php?rest_route=\/wp\/v2\/types\/post"}],"author":[{"embeddable":true,"href":"https:\/\/www.van-tied-to-tied.de\/index.php?rest_route=\/wp\/v2\/users\/1"}],"replies":[{"embeddable":true,"href":"https:\/\/www.van-tied-to-tied.de\/index.php?rest_route=%2Fwp%2Fv2%2Fcomments&post=830"}],"version-history":[{"count":7,"href":"https:\/\/www.van-tied-to-tied.de\/index.php?rest_route=\/wp\/v2\/posts\/830\/revisions"}],"predecessor-version":[{"id":837,"href":"https:\/\/www.van-tied-to-tied.de\/index.php?rest_route=\/wp\/v2\/posts\/830\/revisions\/837"}],"wp:attachment":[{"href":"https:\/\/www.van-tied-to-tied.de\/index.php?rest_route=%2Fwp%2Fv2%2Fmedia&parent=830"}],"wp:term":[{"taxonomy":"category","embeddable":true,"href":"https:\/\/www.van-tied-to-tied.de\/index.php?rest_route=%2Fwp%2Fv2%2Fcategories&post=830"},{"taxonomy":"post_tag","embeddable":true,"href":"https:\/\/www.van-tied-to-tied.de\/index.php?rest_route=%2Fwp%2Fv2%2Ftags&post=830"}],"curies":[{"name":"wp","href":"https:\/\/api.w.org\/{rel}","templated":true}]}}