{"id":799,"date":"2016-08-03T19:13:27","date_gmt":"2016-08-03T19:13:27","guid":{"rendered":"http:\/\/www.van-tied-to-tied.de\/?p=799"},"modified":"2017-06-12T06:06:10","modified_gmt":"2017-06-12T06:06:10","slug":"resume-und-ausblick","status":"publish","type":"post","link":"https:\/\/www.van-tied-to-tied.de\/?p=799","title":{"rendered":"R\u00e9sum\u00e9 und Ausblick 2017"},"content":{"rendered":"<p>\u201eVan Tied to Tied\u201c ist ein musikalisch-literarisches Vortragsprogramm in plattdeutscher Sprache bestehend aus Lyrik und modernem Jazz, bei dem Text, Stimme und Musik gegen\u00fcbergestellt und kunstvoll ineinander verwoben werden. Eine literarisch-musikalische Spurensuche der besonderen Art, die die Sinne anspricht.<\/p>\n<p>Seit dem Start zum kultur-touristischen Themenjahr \u201eLand der Entdeckungen 2013\u201c wurde das Projekt an ausgew\u00e4hlten Orten aufgef\u00fchrt. Gleichzeitig erschien die gleichnamige CD als H\u00f6rbuch mit umfangreichem Textmaterial f\u00fcr Liebhaber, Kenner und Sammler plattdeutscher Kunst.<\/p>\n<p><a href=\"http:\/\/www.van-tied-to-tied.de\/?page_id=640\" target=\"_blank\">Presse und Rundfunk<\/a> reagierten durchgehend positiv auf diese bisher nicht dagewesene Neubewertung der plattdeutschen Sprache. Zahlreiche Artikel, Kritiken und Sendungen sorgten auch \u00fcber die Grenzen Norddeutschlands hinaus f\u00fcr gr\u00f6\u00dfere Aufmerksamkeit. Erw\u00e4hnenswert u. a. der ausf\u00fchrliche Beitrag in der NDR Sendung <a href=\"https:\/\/soundcloud.com\/klangkontor\/ndr-play-jazz-van-tied-to-tied\" target=\"_blank\">\u201ePlay Jazz\u201c<\/a> und Rezensionen im Magazin <a href=\"http:\/\/www.van-tied-to-tied.de\/wp-content\/uploads\/2013\/06\/20130531_jazzpodium_2.jpg\" target=\"_blank\">\u201eJazzpodium\u201c<\/a> und im <a href=\"http:\/\/www.van-tied-to-tied.de\/wp-content\/uploads\/2013\/06\/om_januar_2013_4.pdf\" target=\"_blank\">\u201eOstfrieslandmagazin&#8220;<\/a>.<\/p>\n<p>\u201eVan Tied to Tied\u201c wurde von der Ostfriesischen Landschaft (2013) und von der Sparkasse Aurich (2014) gef\u00f6rdert.<\/p>\n<p>Ausschnitte aus der CD:<br \/>\n[haiku url=&#8220;VanTiedToTied_preview.mp3&#8243; title=&#8220;Van Tied to Tied&#8220;]<\/p>\n<h3>Das neue Programm<\/h3>\n<p>Bezogen sich die Texte bislang auf Beschreibungen von Erlebnissen, pers\u00f6nlichen Eindr\u00fccken oder Landschaftsbetrachtungen Ostfrieslands, wird im neuen Programm <strong>\u201eVan Minsk to Minsk\u201c<\/strong> das Thema Menschlichkeit und Menschsein in den Vordergrund gestellt. Vor dem Hintergrund tiefgreifender gesellschaftlicher Ver\u00e4nderungen durch das Aufeinandertreffen unterschiedlicher Menschen und Kulturen \u00fcber alle Grenzen hinweg und der damit verbundenen Auswirkungen und Reaktionen stellen sich die K\u00fcnstler dieses Projekts den Herausforderungen der Zeit. Klang und Wort gegen Skepsis und Misstrauen. Innehalten und zuh\u00f6ren in diesen lauten Zeiten.<\/p>\n","protected":false},"excerpt":{"rendered":"<p>\u201eVan Tied to Tied\u201c ist ein musikalisch-literarisches Vortragsprogramm in plattdeutscher Sprache bestehend aus Lyrik und modernem Jazz, bei dem Text, Stimme und Musik gegen\u00fcbergestellt und kunstvoll ineinander verwoben werden. Eine literarisch-musikalische Spurensuche der besonderen Art, die die Sinne anspricht. Seit &hellip; <a href=\"https:\/\/www.van-tied-to-tied.de\/?p=799\">Lesen fortsetzen <span class=\"meta-nav\">&rarr;<\/span><\/a><\/p>\n","protected":false},"author":1,"featured_media":0,"comment_status":"closed","ping_status":"closed","sticky":false,"template":"","format":"standard","meta":[],"categories":[6],"tags":[],"_links":{"self":[{"href":"https:\/\/www.van-tied-to-tied.de\/index.php?rest_route=\/wp\/v2\/posts\/799"}],"collection":[{"href":"https:\/\/www.van-tied-to-tied.de\/index.php?rest_route=\/wp\/v2\/posts"}],"about":[{"href":"https:\/\/www.van-tied-to-tied.de\/index.php?rest_route=\/wp\/v2\/types\/post"}],"author":[{"embeddable":true,"href":"https:\/\/www.van-tied-to-tied.de\/index.php?rest_route=\/wp\/v2\/users\/1"}],"replies":[{"embeddable":true,"href":"https:\/\/www.van-tied-to-tied.de\/index.php?rest_route=%2Fwp%2Fv2%2Fcomments&post=799"}],"version-history":[{"count":12,"href":"https:\/\/www.van-tied-to-tied.de\/index.php?rest_route=\/wp\/v2\/posts\/799\/revisions"}],"predecessor-version":[{"id":820,"href":"https:\/\/www.van-tied-to-tied.de\/index.php?rest_route=\/wp\/v2\/posts\/799\/revisions\/820"}],"wp:attachment":[{"href":"https:\/\/www.van-tied-to-tied.de\/index.php?rest_route=%2Fwp%2Fv2%2Fmedia&parent=799"}],"wp:term":[{"taxonomy":"category","embeddable":true,"href":"https:\/\/www.van-tied-to-tied.de\/index.php?rest_route=%2Fwp%2Fv2%2Fcategories&post=799"},{"taxonomy":"post_tag","embeddable":true,"href":"https:\/\/www.van-tied-to-tied.de\/index.php?rest_route=%2Fwp%2Fv2%2Ftags&post=799"}],"curies":[{"name":"wp","href":"https:\/\/api.w.org\/{rel}","templated":true}]}}