{"id":749,"date":"2015-02-25T07:56:07","date_gmt":"2015-02-25T07:56:07","guid":{"rendered":"http:\/\/www.van-tied-to-tied.de\/?p=749"},"modified":"2015-05-20T07:19:43","modified_gmt":"2015-05-20T07:19:43","slug":"nachhall-winterjazz-brelingen","status":"publish","type":"post","link":"https:\/\/www.van-tied-to-tied.de\/?p=749","title":{"rendered":"Nachhall: Winterjazz Brelingen"},"content":{"rendered":"<p>Wie sch\u00f6n, dass auch weit entfernt von Ostfriesland Plattdeutsch geh\u00f6rt, gesprochen und verstanden wird. Vielen Dank an die Brelinger Mitte f\u00fcr einen tollen Abend.<\/p>\n<p><a href=\"http:\/\/www.van-tied-to-tied.de\/wp-content\/uploads\/2015\/02\/Klaus-Spencker_02.jpg\"><img decoding=\"async\" loading=\"lazy\" class=\"alignleft size-large wp-image-750\" title=\"Klaus Spencker_02\" src=\"http:\/\/www.van-tied-to-tied.de\/wp-content\/uploads\/2015\/02\/Klaus-Spencker_02-1024x606.jpg\" alt=\"\" width=\"960\" height=\"568\" srcset=\"https:\/\/www.van-tied-to-tied.de\/wp-content\/uploads\/2015\/02\/Klaus-Spencker_02-1024x606.jpg 1024w, https:\/\/www.van-tied-to-tied.de\/wp-content\/uploads\/2015\/02\/Klaus-Spencker_02-300x177.jpg 300w\" sizes=\"(max-width: 960px) 100vw, 960px\" \/><\/a><\/p>\n<p>(Foto: Peter Arasin)<\/p>\n","protected":false},"excerpt":{"rendered":"<p>Wie sch\u00f6n, dass auch weit entfernt von Ostfriesland Plattdeutsch geh\u00f6rt, gesprochen und verstanden wird. Vielen Dank an die Brelinger Mitte f\u00fcr einen tollen Abend. (Foto: Peter Arasin)<\/p>\n","protected":false},"author":1,"featured_media":0,"comment_status":"closed","ping_status":"closed","sticky":false,"template":"","format":"standard","meta":[],"categories":[8],"tags":[],"_links":{"self":[{"href":"https:\/\/www.van-tied-to-tied.de\/index.php?rest_route=\/wp\/v2\/posts\/749"}],"collection":[{"href":"https:\/\/www.van-tied-to-tied.de\/index.php?rest_route=\/wp\/v2\/posts"}],"about":[{"href":"https:\/\/www.van-tied-to-tied.de\/index.php?rest_route=\/wp\/v2\/types\/post"}],"author":[{"embeddable":true,"href":"https:\/\/www.van-tied-to-tied.de\/index.php?rest_route=\/wp\/v2\/users\/1"}],"replies":[{"embeddable":true,"href":"https:\/\/www.van-tied-to-tied.de\/index.php?rest_route=%2Fwp%2Fv2%2Fcomments&post=749"}],"version-history":[{"count":8,"href":"https:\/\/www.van-tied-to-tied.de\/index.php?rest_route=\/wp\/v2\/posts\/749\/revisions"}],"predecessor-version":[{"id":776,"href":"https:\/\/www.van-tied-to-tied.de\/index.php?rest_route=\/wp\/v2\/posts\/749\/revisions\/776"}],"wp:attachment":[{"href":"https:\/\/www.van-tied-to-tied.de\/index.php?rest_route=%2Fwp%2Fv2%2Fmedia&parent=749"}],"wp:term":[{"taxonomy":"category","embeddable":true,"href":"https:\/\/www.van-tied-to-tied.de\/index.php?rest_route=%2Fwp%2Fv2%2Fcategories&post=749"},{"taxonomy":"post_tag","embeddable":true,"href":"https:\/\/www.van-tied-to-tied.de\/index.php?rest_route=%2Fwp%2Fv2%2Ftags&post=749"}],"curies":[{"name":"wp","href":"https:\/\/api.w.org\/{rel}","templated":true}]}}