{"id":613,"date":"2013-09-15T04:50:28","date_gmt":"2013-09-15T04:50:28","guid":{"rendered":"http:\/\/www.van-tied-to-tied.de\/?p=613"},"modified":"2013-09-17T07:54:48","modified_gmt":"2013-09-17T07:54:48","slug":"heute-abend-van-tied-to-tied-im-ndr","status":"publish","type":"post","link":"https:\/\/www.van-tied-to-tied.de\/?p=613","title":{"rendered":"Heute Abend: Van Tied to Tied im NDR!"},"content":{"rendered":"<p><img decoding=\"async\" loading=\"lazy\" class=\"alignleft\" src=\"http:\/\/www.ndr.de\/media\/logondrinfo2_v-contentklein.jpg\" alt=\"\" width=\"256\" height=\"144\" \/>Liebe Freunde, F\u00f6rderer, Mitstreiter, Kollegen, Fans und Partner.<br \/>\n<strong>Heute Abend<\/strong> wird der NDR in der Sendung <strong><a href=\"http:\/\/www.ndr.de\/info\/livestream150.html\" target=\"_blank\">Play Jazz<\/a><\/strong> auf NDR Info einen Beitrag \u00fcber unser Projekt senden. Zu h\u00f6ren sein wird ein ausf\u00fchrliches Interview und Ausschnitte aus der CD. Wer Zeit und Interesse hat, ist herzlich eingeladen diesem weiteren Highlight beizuwohnen.<\/p>\n<p><a href=\"http:\/\/www.ndr.de\/info\/livestream150.html\" target=\"_blank\">Zum NDR Livestream im internet &gt;&gt;\u00a0<\/a><\/p>\n","protected":false},"excerpt":{"rendered":"<p>Liebe Freunde, F\u00f6rderer, Mitstreiter, Kollegen, Fans und Partner. Heute Abend wird der NDR in der Sendung Play Jazz auf NDR Info einen Beitrag \u00fcber unser Projekt senden. Zu h\u00f6ren sein wird ein ausf\u00fchrliches Interview und Ausschnitte aus der CD. Wer &hellip; <a href=\"https:\/\/www.van-tied-to-tied.de\/?p=613\">Lesen fortsetzen <span class=\"meta-nav\">&rarr;<\/span><\/a><\/p>\n","protected":false},"author":1,"featured_media":0,"comment_status":"closed","ping_status":"closed","sticky":false,"template":"","format":"standard","meta":[],"categories":[10,8],"tags":[],"_links":{"self":[{"href":"https:\/\/www.van-tied-to-tied.de\/index.php?rest_route=\/wp\/v2\/posts\/613"}],"collection":[{"href":"https:\/\/www.van-tied-to-tied.de\/index.php?rest_route=\/wp\/v2\/posts"}],"about":[{"href":"https:\/\/www.van-tied-to-tied.de\/index.php?rest_route=\/wp\/v2\/types\/post"}],"author":[{"embeddable":true,"href":"https:\/\/www.van-tied-to-tied.de\/index.php?rest_route=\/wp\/v2\/users\/1"}],"replies":[{"embeddable":true,"href":"https:\/\/www.van-tied-to-tied.de\/index.php?rest_route=%2Fwp%2Fv2%2Fcomments&post=613"}],"version-history":[{"count":10,"href":"https:\/\/www.van-tied-to-tied.de\/index.php?rest_route=\/wp\/v2\/posts\/613\/revisions"}],"predecessor-version":[{"id":620,"href":"https:\/\/www.van-tied-to-tied.de\/index.php?rest_route=\/wp\/v2\/posts\/613\/revisions\/620"}],"wp:attachment":[{"href":"https:\/\/www.van-tied-to-tied.de\/index.php?rest_route=%2Fwp%2Fv2%2Fmedia&parent=613"}],"wp:term":[{"taxonomy":"category","embeddable":true,"href":"https:\/\/www.van-tied-to-tied.de\/index.php?rest_route=%2Fwp%2Fv2%2Fcategories&post=613"},{"taxonomy":"post_tag","embeddable":true,"href":"https:\/\/www.van-tied-to-tied.de\/index.php?rest_route=%2Fwp%2Fv2%2Ftags&post=613"}],"curies":[{"name":"wp","href":"https:\/\/api.w.org\/{rel}","templated":true}]}}