{"id":593,"date":"2013-07-01T08:45:33","date_gmt":"2013-07-01T08:45:33","guid":{"rendered":"http:\/\/www.van-tied-to-tied.de\/?p=593"},"modified":"2014-01-13T04:10:58","modified_gmt":"2014-01-13T04:10:58","slug":"halbjahresbilanz-und-neue-rubrik-presse","status":"publish","type":"post","link":"https:\/\/www.van-tied-to-tied.de\/?p=593","title":{"rendered":"Halbjahresbilanz und neue Rubrik &#8222;Presse&#8220;"},"content":{"rendered":"<p>Im vergangenen Februar begann unser Projekt p\u00fcnktlich zum Themenjahr \u201eLand der Entdeckungen 2013\u201c. Mit dem bisherigen Projektverlauf sind wir \u00e4u\u00dferst zufrieden. Besonders freuen wir uns \u00fcber viele positive Reaktionen in den Medien. In \u00fcber 30 Beitr\u00e4gen in Presse, Rundfunk und Internet wurden die Konzerte und die CD Produktion allseits gelobt und empfohlen. Unter der <a href=\"http:\/\/www.van-tied-to-tied.de\/?page_id=536\">neu eingerichteten Rubrik \u201ePRESSE\u201c<\/a>\u00a0haben wir alle bisher recherchierten Beitr\u00e4ge aufgelistet und zum Nachlesen verlinkt, wo dies m\u00f6glich war. Wir laden alle Interessierten herzlich zum St\u00f6bern ein.<\/p>\n<p>Auch an dieser Stelle m\u00f6chten wir uns nochmals bei allen Beteiligten, vor allem der Ostfriesischen Landschaft, f\u00fcr die Mitwirkung und Unterst\u00fctzung bedanken.<\/p>\n<p>Unser N\u00e4chstes Konzert findet am <strong>21. September im Kulturspeicher in Leer<\/strong> statt.<\/p>\n","protected":false},"excerpt":{"rendered":"<p>Im vergangenen Februar begann unser Projekt p\u00fcnktlich zum Themenjahr \u201eLand der Entdeckungen 2013\u201c. Mit dem bisherigen Projektverlauf sind wir \u00e4u\u00dferst zufrieden. Besonders freuen wir uns \u00fcber viele positive Reaktionen in den Medien. In \u00fcber 30 Beitr\u00e4gen in Presse, Rundfunk und &hellip; <a href=\"https:\/\/www.van-tied-to-tied.de\/?p=593\">Lesen fortsetzen <span class=\"meta-nav\">&rarr;<\/span><\/a><\/p>\n","protected":false},"author":1,"featured_media":0,"comment_status":"closed","ping_status":"closed","sticky":false,"template":"","format":"standard","meta":[],"categories":[10],"tags":[],"_links":{"self":[{"href":"https:\/\/www.van-tied-to-tied.de\/index.php?rest_route=\/wp\/v2\/posts\/593"}],"collection":[{"href":"https:\/\/www.van-tied-to-tied.de\/index.php?rest_route=\/wp\/v2\/posts"}],"about":[{"href":"https:\/\/www.van-tied-to-tied.de\/index.php?rest_route=\/wp\/v2\/types\/post"}],"author":[{"embeddable":true,"href":"https:\/\/www.van-tied-to-tied.de\/index.php?rest_route=\/wp\/v2\/users\/1"}],"replies":[{"embeddable":true,"href":"https:\/\/www.van-tied-to-tied.de\/index.php?rest_route=%2Fwp%2Fv2%2Fcomments&post=593"}],"version-history":[{"count":4,"href":"https:\/\/www.van-tied-to-tied.de\/index.php?rest_route=\/wp\/v2\/posts\/593\/revisions"}],"predecessor-version":[{"id":654,"href":"https:\/\/www.van-tied-to-tied.de\/index.php?rest_route=\/wp\/v2\/posts\/593\/revisions\/654"}],"wp:attachment":[{"href":"https:\/\/www.van-tied-to-tied.de\/index.php?rest_route=%2Fwp%2Fv2%2Fmedia&parent=593"}],"wp:term":[{"taxonomy":"category","embeddable":true,"href":"https:\/\/www.van-tied-to-tied.de\/index.php?rest_route=%2Fwp%2Fv2%2Fcategories&post=593"},{"taxonomy":"post_tag","embeddable":true,"href":"https:\/\/www.van-tied-to-tied.de\/index.php?rest_route=%2Fwp%2Fv2%2Ftags&post=593"}],"curies":[{"name":"wp","href":"https:\/\/api.w.org\/{rel}","templated":true}]}}