{"id":504,"date":"2013-04-21T06:15:42","date_gmt":"2013-04-21T06:15:42","guid":{"rendered":"http:\/\/www.van-tied-to-tied.de\/?p=504"},"modified":"2013-04-21T06:38:07","modified_gmt":"2013-04-21T06:38:07","slug":"oz-plattdeutsch-meets-jazz-experiment-gelungen","status":"publish","type":"post","link":"https:\/\/www.van-tied-to-tied.de\/?p=504","title":{"rendered":"OZ: &#8222;Plattdeutsch meets Jazz: Experiment gelungen&#8220;"},"content":{"rendered":"<p>Unter dem Titel <strong>&#8222;Plattdeutsch meets Jazz: Experiment gelungen&#8220;<\/strong> berichtete auch die Ostfriesen-Zeitung in der Ausgabe Aurich-Wittmund am 17.04.2013 vom Konzert in Engerhafe.<\/p>\n<p><em>Zitat:<\/em><\/p>\n<p>&#8222;[&#8230;] Text, Stimme und Musik wurden in Engerhafe immer wieder zu einem kunstvollen Gesamtwerk verflochten, aber einander auch immer wieder als Kontrast gegen\u00fcber gestellt. Die metaphorisch verdichteten und ausgeschm\u00fcckten Verse und Texte des Autors und Dichters Briese \u00fcber kleine und gro\u00dfe Gef\u00fchle, schmerzliche Erinnerungen und l\u00e4ngst verblasste Gef\u00fchle, gepaart mit Liebeserkl\u00e4rungen an die ostfriesische Seele, ebneten sich problemlos den Weg zu den teils malerisch und melancholisch anmutenden Klangfarben und Impressionen, die Klaus Spencker intensiv und excellent seiner Gitarre entlockte. [&#8230;]\u201c<\/p>\n","protected":false},"excerpt":{"rendered":"<p>Unter dem Titel &#8222;Plattdeutsch meets Jazz: Experiment gelungen&#8220; berichtete auch die Ostfriesen-Zeitung in der Ausgabe Aurich-Wittmund am 17.04.2013 vom Konzert in Engerhafe. Zitat: &#8222;[&#8230;] Text, Stimme und Musik wurden in Engerhafe immer wieder zu einem kunstvollen Gesamtwerk verflochten, aber einander &hellip; <a href=\"https:\/\/www.van-tied-to-tied.de\/?p=504\">Lesen fortsetzen <span class=\"meta-nav\">&rarr;<\/span><\/a><\/p>\n","protected":false},"author":1,"featured_media":0,"comment_status":"closed","ping_status":"closed","sticky":false,"template":"","format":"standard","meta":[],"categories":[10],"tags":[],"_links":{"self":[{"href":"https:\/\/www.van-tied-to-tied.de\/index.php?rest_route=\/wp\/v2\/posts\/504"}],"collection":[{"href":"https:\/\/www.van-tied-to-tied.de\/index.php?rest_route=\/wp\/v2\/posts"}],"about":[{"href":"https:\/\/www.van-tied-to-tied.de\/index.php?rest_route=\/wp\/v2\/types\/post"}],"author":[{"embeddable":true,"href":"https:\/\/www.van-tied-to-tied.de\/index.php?rest_route=\/wp\/v2\/users\/1"}],"replies":[{"embeddable":true,"href":"https:\/\/www.van-tied-to-tied.de\/index.php?rest_route=%2Fwp%2Fv2%2Fcomments&post=504"}],"version-history":[{"count":6,"href":"https:\/\/www.van-tied-to-tied.de\/index.php?rest_route=\/wp\/v2\/posts\/504\/revisions"}],"predecessor-version":[{"id":508,"href":"https:\/\/www.van-tied-to-tied.de\/index.php?rest_route=\/wp\/v2\/posts\/504\/revisions\/508"}],"wp:attachment":[{"href":"https:\/\/www.van-tied-to-tied.de\/index.php?rest_route=%2Fwp%2Fv2%2Fmedia&parent=504"}],"wp:term":[{"taxonomy":"category","embeddable":true,"href":"https:\/\/www.van-tied-to-tied.de\/index.php?rest_route=%2Fwp%2Fv2%2Fcategories&post=504"},{"taxonomy":"post_tag","embeddable":true,"href":"https:\/\/www.van-tied-to-tied.de\/index.php?rest_route=%2Fwp%2Fv2%2Ftags&post=504"}],"curies":[{"name":"wp","href":"https:\/\/api.w.org\/{rel}","templated":true}]}}