{"id":417,"date":"2013-02-25T08:53:18","date_gmt":"2013-02-25T08:53:18","guid":{"rendered":"http:\/\/www.van-tied-to-tied.de\/?p=417"},"modified":"2013-03-04T14:56:40","modified_gmt":"2013-03-04T14:56:40","slug":"presseecho-ostfriesischer-kurier","status":"publish","type":"post","link":"https:\/\/www.van-tied-to-tied.de\/?p=417","title":{"rendered":"Presseecho Ostfriesischer Kurier"},"content":{"rendered":"<p>Unter dem Titel: <strong>&#8222;Plattdeutsch muss nicht zwangsl\u00e4ufig platt klingen&#8220; <\/strong>schrieb<strong> Werner J\u00fcrgens<\/strong> am Donnerstag, den 21.2.2013 einen sehr positiven Artikel \u00fcber &#8222;Van Tied to Tied&#8220; im <strong>Ostfriesischen Kurier.<\/strong><\/p>\n<p><em>Zitat:<\/em><\/p>\n<p>[&#8230;] Diese elegante Transparenz und Leichtigkeit kommt in den St\u00fccken auf ,,Van Tied to Tied&#8220; erneut exzellent zum Tragen. Wenngleich hie und da Vorbilder wie Pat Metheny oder John Abercombie durchschimmern m\u00f6gen, klingt das Ganze doch recht eigenst\u00e4ndig, zumal Spencker regelm\u00e4\u00dfig eine akustische Gitarre einsetzt und dabei gern auf Elemente aus dem traditionellen Folk-Genre zur\u00fcckgreift. Unter dem Strich wirkt seine Musik nichtsdestotrotz absolut lyrisch und modern. Verantwortlich daf\u00fcr zeichnet sich sicherlich nicht zuletzt auch die eigens f\u00fcr dieses Projekt zusammengestellte Band bestehend aus Felix Petry (Saxofone und Bassklarinette), Eike Wulfmeier (Klavier), Peter Schwebs (Kontrabass) und Timo Warnecke (Schlagzeug). Angesichts der eingangs erw\u00e4hnten und durchaus nicht restlos wegzudiskutierenden Sperrigkeit der plattdeutschen Sprache ist es umso erstaunlicher, wie nahtlos und harmonisch sich die Texte von Hans-Hermann Briese in dieses musikalische Konzept einf\u00fcgen. Die Worte seiner Gedichte und Kurzgeschichten sind ebenfalls im permanenten Fluss. Und in ihnen steckt jede Menge Melodie und Rhythmus.\u00a0[&#8230;]<\/p>\n","protected":false},"excerpt":{"rendered":"<p>Unter dem Titel: &#8222;Plattdeutsch muss nicht zwangsl\u00e4ufig platt klingen&#8220; schrieb Werner J\u00fcrgens am Donnerstag, den 21.2.2013 einen sehr positiven Artikel \u00fcber &#8222;Van Tied to Tied&#8220; im Ostfriesischen Kurier. Zitat: [&#8230;] Diese elegante Transparenz und Leichtigkeit kommt in den St\u00fccken auf &hellip; <a href=\"https:\/\/www.van-tied-to-tied.de\/?p=417\">Lesen fortsetzen <span class=\"meta-nav\">&rarr;<\/span><\/a><\/p>\n","protected":false},"author":1,"featured_media":0,"comment_status":"closed","ping_status":"closed","sticky":false,"template":"","format":"standard","meta":[],"categories":[10],"tags":[],"_links":{"self":[{"href":"https:\/\/www.van-tied-to-tied.de\/index.php?rest_route=\/wp\/v2\/posts\/417"}],"collection":[{"href":"https:\/\/www.van-tied-to-tied.de\/index.php?rest_route=\/wp\/v2\/posts"}],"about":[{"href":"https:\/\/www.van-tied-to-tied.de\/index.php?rest_route=\/wp\/v2\/types\/post"}],"author":[{"embeddable":true,"href":"https:\/\/www.van-tied-to-tied.de\/index.php?rest_route=\/wp\/v2\/users\/1"}],"replies":[{"embeddable":true,"href":"https:\/\/www.van-tied-to-tied.de\/index.php?rest_route=%2Fwp%2Fv2%2Fcomments&post=417"}],"version-history":[{"count":9,"href":"https:\/\/www.van-tied-to-tied.de\/index.php?rest_route=\/wp\/v2\/posts\/417\/revisions"}],"predecessor-version":[{"id":442,"href":"https:\/\/www.van-tied-to-tied.de\/index.php?rest_route=\/wp\/v2\/posts\/417\/revisions\/442"}],"wp:attachment":[{"href":"https:\/\/www.van-tied-to-tied.de\/index.php?rest_route=%2Fwp%2Fv2%2Fmedia&parent=417"}],"wp:term":[{"taxonomy":"category","embeddable":true,"href":"https:\/\/www.van-tied-to-tied.de\/index.php?rest_route=%2Fwp%2Fv2%2Fcategories&post=417"},{"taxonomy":"post_tag","embeddable":true,"href":"https:\/\/www.van-tied-to-tied.de\/index.php?rest_route=%2Fwp%2Fv2%2Ftags&post=417"}],"curies":[{"name":"wp","href":"https:\/\/api.w.org\/{rel}","templated":true}]}}