{"id":319,"date":"2013-01-29T08:24:46","date_gmt":"2013-01-29T08:24:46","guid":{"rendered":"http:\/\/www.briese.spencker.de\/?p=319"},"modified":"2014-01-13T04:12:38","modified_gmt":"2014-01-13T04:12:38","slug":"frisch-ausgepackt","status":"publish","type":"post","link":"https:\/\/www.van-tied-to-tied.de\/?p=319","title":{"rendered":"Jetzt im Handel!"},"content":{"rendered":"<p><img decoding=\"async\" loading=\"lazy\" class=\"alignleft size-medium wp-image-318\" title=\"Van Tied to Tied Cover\" src=\"http:\/\/www.briese.spencker.de\/wp-content\/uploads\/2013\/01\/vttt-cover-214x300.jpg\" alt=\"\" width=\"214\" height=\"300\" srcset=\"https:\/\/www.van-tied-to-tied.de\/wp-content\/uploads\/2013\/01\/vttt-cover-214x300.jpg 214w, https:\/\/www.van-tied-to-tied.de\/wp-content\/uploads\/2013\/01\/vttt-cover.jpg 371w\" sizes=\"(max-width: 214px) 100vw, 214px\" \/>Der ostfriesische Dichter\u00a0<strong><a href=\"http:\/\/www.briese.spencker.de\/?page_id=2\" target=\"_blank\">Hans-Hermann Briese<\/a><\/strong>\u00a0und der aus Aurich stammende Jazzgitarrist und Komponist\u00a0<strong><a href=\"http:\/\/http:\/\/www.briese.spencker.de\/?page_id=9\">Klaus Spencker<\/a>\u00a0<\/strong>laden in diesem Projekt zu einer au\u00dfergew\u00f6hnlichen Entdeckungsreise ein. In einer Betrachtung Ostfrieslands in Wort und Klang, bestehend aus zeitgen\u00f6ssischer plattdeutscher Lyrik und modernem Jazz, werden Text, Stimme und Musik gegen\u00fcbergestellt und ineinander verwoben. Eine literarisch, musikalische Spurensuche der besonderen Art f\u00fcr Freunde und Kenner der plattdeutschen Sprache und anspruchsvolle H\u00f6rer moderner, improvisierter Musik.<br \/>\nIn Form eines noch nicht dargebotenen literarisch-musikalischen Dialogs werden Geschichten von Begegnungen, Eindr\u00fccken, Landschaften und Stimmungen erz\u00e4hlt.<\/p>\n<p><strong>Hans-Hermann Briese:<\/strong>\u00a0Specher,\u00a0<strong>Klaus Spencker:<\/strong>\u00a0Gitarre,\u00a0<strong>Felix Petry:<\/strong>\u00a0Saxofon,\u00a0<strong>Eike Wulfmeier:<\/strong>\u00a0Klavier,\u00a0<strong>Peter Schwebs:<\/strong>\u00a0Kontrabass,\u00a0<strong>Timo Warnecke:<\/strong>\u00a0Schlagzeug<\/p>\n<h3>! Audio CD im DVD Digipack inkl. Booklet mit allen Gedichten und Texten \u2013 anspruchsvoll gestaltet f\u00fcr Sammler und Kenner !<\/h3>\n<p><a href=\"http:\/\/www.amazon.de\/Van-Tied-1-Audio-CD\/dp\/3939870730\/ref=sr_1_2?ie=UTF8&amp;qid=1360749471&amp;sr=8-2\" target=\"_blank\">&gt;&gt; Kaufen bei AMAZON<br \/>\n<\/a><a href=\"http:\/\/www.skn.info\/index.php\/component\/virtuemart\/plattdeutsches\/van-tied-to-tied-detail?Itemid=0\" target=\"_blank\">&gt;&gt; Kaufen im SKN Buchshop<\/a><\/p>\n<p>&nbsp;<\/p>\n<p>H\u00f6rproben:<\/p>\n<p><iframe loading=\"lazy\" src=\"https:\/\/w.soundcloud.com\/player\/?url=http%3A%2F%2Fapi.soundcloud.com%2Ftracks%2F76671151\" frameborder=\"no\" scrolling=\"no\" width=\"100%\" height=\"166\"><\/iframe><\/p>\n","protected":false},"excerpt":{"rendered":"<p>Der ostfriesische Dichter\u00a0Hans-Hermann Briese\u00a0und der aus Aurich stammende Jazzgitarrist und Komponist\u00a0Klaus Spencker\u00a0laden in diesem Projekt zu einer au\u00dfergew\u00f6hnlichen Entdeckungsreise ein. In einer Betrachtung Ostfrieslands in Wort und Klang, bestehend aus zeitgen\u00f6ssischer plattdeutscher Lyrik und modernem Jazz, werden Text, Stimme und &hellip; <a href=\"https:\/\/www.van-tied-to-tied.de\/?p=319\">Lesen fortsetzen <span class=\"meta-nav\">&rarr;<\/span><\/a><\/p>\n","protected":false},"author":1,"featured_media":0,"comment_status":"closed","ping_status":"closed","sticky":false,"template":"","format":"standard","meta":[],"categories":[1],"tags":[],"_links":{"self":[{"href":"https:\/\/www.van-tied-to-tied.de\/index.php?rest_route=\/wp\/v2\/posts\/319"}],"collection":[{"href":"https:\/\/www.van-tied-to-tied.de\/index.php?rest_route=\/wp\/v2\/posts"}],"about":[{"href":"https:\/\/www.van-tied-to-tied.de\/index.php?rest_route=\/wp\/v2\/types\/post"}],"author":[{"embeddable":true,"href":"https:\/\/www.van-tied-to-tied.de\/index.php?rest_route=\/wp\/v2\/users\/1"}],"replies":[{"embeddable":true,"href":"https:\/\/www.van-tied-to-tied.de\/index.php?rest_route=%2Fwp%2Fv2%2Fcomments&post=319"}],"version-history":[{"count":28,"href":"https:\/\/www.van-tied-to-tied.de\/index.php?rest_route=\/wp\/v2\/posts\/319\/revisions"}],"predecessor-version":[{"id":324,"href":"https:\/\/www.van-tied-to-tied.de\/index.php?rest_route=\/wp\/v2\/posts\/319\/revisions\/324"}],"wp:attachment":[{"href":"https:\/\/www.van-tied-to-tied.de\/index.php?rest_route=%2Fwp%2Fv2%2Fmedia&parent=319"}],"wp:term":[{"taxonomy":"category","embeddable":true,"href":"https:\/\/www.van-tied-to-tied.de\/index.php?rest_route=%2Fwp%2Fv2%2Fcategories&post=319"},{"taxonomy":"post_tag","embeddable":true,"href":"https:\/\/www.van-tied-to-tied.de\/index.php?rest_route=%2Fwp%2Fv2%2Ftags&post=319"}],"curies":[{"name":"wp","href":"https:\/\/api.w.org\/{rel}","templated":true}]}}