{"id":291,"date":"2013-01-02T10:27:08","date_gmt":"2013-01-02T10:27:08","guid":{"rendered":"http:\/\/www.briese.spencker.de\/?p=291"},"modified":"2016-08-02T08:59:58","modified_gmt":"2016-08-02T08:59:58","slug":"van-tied-to-tied-im-ostfrieslandmagazin","status":"publish","type":"post","link":"https:\/\/www.van-tied-to-tied.de\/?p=291","title":{"rendered":"CD Release &#038; &#8222;Van Tied to Tied&#8220; im Ostfrieslandmagazin"},"content":{"rendered":"<p>Die <a title=\"OM\" href=\"http:\/\/skn.info\/index.php\/diesen-monat-im-ostfriesland-magazin\" target=\"_blank\">Januarausgabe des bekannten Ostfrieslandmagazins<\/a> berichtet ausf\u00fchrlich \u00fcber unser Projekt und die anstehende CD Ver\u00f6ffentlichung.<\/p>\n<p>Unsere CD Release r\u00fcckt n\u00e4her. Am <strong>02.02.2013<\/strong> ist es soweit. Wir gastieren auf dem <a title=\"PLATTart 2013\" href=\"http:\/\/www.plattart.de\/programm_02-02-2013.htm#0202\" target=\"_blank\">PLATTart-Festival<\/a> in der Seefelder M\u00fchle, Hauptstra\u00dfe 1, 26937 Stadland \/ Seefeld.<\/p>\n<p>Auf der <a title=\"PLATTGOLD GALA\" href=\"http:\/\/www.plattart.de\/programm_01-02-2013.htm\" target=\"_blank\">PLATTGOLD GALA<\/a> am <strong>01.02.2013<\/strong> geben Hans-Hermann Briese und ich schonmal einen kurzen Ausschnitt des Programms zum Besten.<\/p>\n<p>&nbsp;<\/p>\n","protected":false},"excerpt":{"rendered":"<p>Die Januarausgabe des bekannten Ostfrieslandmagazins berichtet ausf\u00fchrlich \u00fcber unser Projekt und die anstehende CD Ver\u00f6ffentlichung. Unsere CD Release r\u00fcckt n\u00e4her. Am 02.02.2013 ist es soweit. Wir gastieren auf dem PLATTart-Festival in der Seefelder M\u00fchle, Hauptstra\u00dfe 1, 26937 Stadland \/ Seefeld. &hellip; <a href=\"https:\/\/www.van-tied-to-tied.de\/?p=291\">Lesen fortsetzen <span class=\"meta-nav\">&rarr;<\/span><\/a><\/p>\n","protected":false},"author":1,"featured_media":0,"comment_status":"closed","ping_status":"closed","sticky":false,"template":"","format":"standard","meta":[],"categories":[10,8],"tags":[],"_links":{"self":[{"href":"https:\/\/www.van-tied-to-tied.de\/index.php?rest_route=\/wp\/v2\/posts\/291"}],"collection":[{"href":"https:\/\/www.van-tied-to-tied.de\/index.php?rest_route=\/wp\/v2\/posts"}],"about":[{"href":"https:\/\/www.van-tied-to-tied.de\/index.php?rest_route=\/wp\/v2\/types\/post"}],"author":[{"embeddable":true,"href":"https:\/\/www.van-tied-to-tied.de\/index.php?rest_route=\/wp\/v2\/users\/1"}],"replies":[{"embeddable":true,"href":"https:\/\/www.van-tied-to-tied.de\/index.php?rest_route=%2Fwp%2Fv2%2Fcomments&post=291"}],"version-history":[{"count":13,"href":"https:\/\/www.van-tied-to-tied.de\/index.php?rest_route=\/wp\/v2\/posts\/291\/revisions"}],"predecessor-version":[{"id":784,"href":"https:\/\/www.van-tied-to-tied.de\/index.php?rest_route=\/wp\/v2\/posts\/291\/revisions\/784"}],"wp:attachment":[{"href":"https:\/\/www.van-tied-to-tied.de\/index.php?rest_route=%2Fwp%2Fv2%2Fmedia&parent=291"}],"wp:term":[{"taxonomy":"category","embeddable":true,"href":"https:\/\/www.van-tied-to-tied.de\/index.php?rest_route=%2Fwp%2Fv2%2Fcategories&post=291"},{"taxonomy":"post_tag","embeddable":true,"href":"https:\/\/www.van-tied-to-tied.de\/index.php?rest_route=%2Fwp%2Fv2%2Ftags&post=291"}],"curies":[{"name":"wp","href":"https:\/\/api.w.org\/{rel}","templated":true}]}}