{"id":1,"date":"2012-04-15T07:10:58","date_gmt":"2012-04-15T07:10:58","guid":{"rendered":"http:\/\/www.briese.spencker.de\/?p=1"},"modified":"2013-01-29T08:26:03","modified_gmt":"2013-01-29T08:26:03","slug":"hallo-welt","status":"publish","type":"post","link":"https:\/\/www.van-tied-to-tied.de\/?p=1","title":{"rendered":"Van Tied to Tied"},"content":{"rendered":"<h2>Die Idee<\/h2>\n<p><a href=\"http:\/\/www.briese.spencker.de\/wp-content\/uploads\/2012\/08\/Band_120712_juel_032.jpg\"><img decoding=\"async\" loading=\"lazy\" class=\"alignleft size-medium wp-image-230\" title=\"Band_120712_juel_032\" src=\"http:\/\/www.briese.spencker.de\/wp-content\/uploads\/2012\/08\/Band_120712_juel_032-300x199.jpg\" alt=\"\" width=\"300\" height=\"199\" srcset=\"https:\/\/www.van-tied-to-tied.de\/wp-content\/uploads\/2012\/08\/Band_120712_juel_032-300x199.jpg 300w, https:\/\/www.van-tied-to-tied.de\/wp-content\/uploads\/2012\/08\/Band_120712_juel_032-1024x680.jpg 1024w\" sizes=\"(max-width: 300px) 100vw, 300px\" \/><\/a>Der ostfriesische Dichter <strong><a href=\"http:\/\/www.briese.spencker.de\/?page_id=2\" target=\"_blank\">Hans-Hermann Briese<\/a><\/strong> und der aus Aurich stammende Jazzgitarrist und Komponist <strong><a href=\"http:\/\/http:\/\/www.briese.spencker.de\/?page_id=9\">Klaus Spencker<\/a> <\/strong>laden in diesem Projekt zu einer au\u00dfergew\u00f6hnlichen Entdeckungsreise ein. In einer Betrachtung Ostfrieslands in Wort und Klang, bestehend aus zeitgen\u00f6ssischer plattdeutscher Lyrik und modernem Jazz, werden Text, Stimme und Musik gegen\u00fcbergestellt und ineinander verwoben. Eine literarisch, musikalische Spurensuche der besonderen Art f\u00fcr Freunde und Kenner der plattdeutschen Sprache und anspruchsvolle H\u00f6rer moderner, improvisierter Musik.<\/p>\n<p>In Form eines noch nicht dargebotenen literarisch-musikalischen Dialogs werden Geschichten von Begegnungen, Eindr\u00fccken, Landschaften und Stimmungen erz\u00e4hlt.<\/p>\n<p>Der Zuh\u00f6rer wird mitgenommen und in den Wind gestellt, ganz wie in Hans Hermann Brieses Gedicht <strong>D\u00f6rbl\u00fcsen<\/strong> beschrieben.<\/p>\n<p><strong>Projektstart ist 2013.<\/strong><\/p>\n<p>&nbsp;<\/p>\n<p>H\u00f6rbeispiele:<\/p>\n<ol>\n<li>Hans-Hermann Briese &#8222;D\u00f6rbl\u00fcsen&#8220;[haiku url=&#8220;Doerbluesen.mp3&#8243; title=&#8220;D\u00f6rbl\u00fcsen&#8220;]<\/li>\n<li>Klaus Spencker &amp; Elements &#8222;Wind&#8220;[haiku url=&#8220;Wind.mp3&#8243; title=&#8220;Wind&#8220;]<\/li>\n<li>Hans-Hermann Briese, Klaus Spencker &amp; Elements &#8222;Bulgen &#8222;[haiku url=&#8220;Bulgen.mp3&#8243; title=&#8220;Bulgen&#8220;]<\/li>\n<li>Hans-Hermann Briese, Klaus Spencker &amp; Elements &#8222;S\u00f6mmerleevde&#8220;[haiku url=&#8220;Soemmerleevde.mp3&#8243; title=&#8220;S\u00f6mmerleevde&#8220;]<\/li>\n<\/ol>\n<p style=\"text-align: left;\">\n","protected":false},"excerpt":{"rendered":"<p>Die Idee Der ostfriesische Dichter Hans-Hermann Briese und der aus Aurich stammende Jazzgitarrist und Komponist Klaus Spencker laden in diesem Projekt zu einer au\u00dfergew\u00f6hnlichen Entdeckungsreise ein. In einer Betrachtung Ostfrieslands in Wort und Klang, bestehend aus zeitgen\u00f6ssischer plattdeutscher Lyrik und &hellip; <a href=\"https:\/\/www.van-tied-to-tied.de\/?p=1\">Lesen fortsetzen <span class=\"meta-nav\">&rarr;<\/span><\/a><\/p>\n","protected":false},"author":1,"featured_media":0,"comment_status":"closed","ping_status":"closed","sticky":false,"template":"","format":"standard","meta":[],"categories":[6],"tags":[5],"_links":{"self":[{"href":"https:\/\/www.van-tied-to-tied.de\/index.php?rest_route=\/wp\/v2\/posts\/1"}],"collection":[{"href":"https:\/\/www.van-tied-to-tied.de\/index.php?rest_route=\/wp\/v2\/posts"}],"about":[{"href":"https:\/\/www.van-tied-to-tied.de\/index.php?rest_route=\/wp\/v2\/types\/post"}],"author":[{"embeddable":true,"href":"https:\/\/www.van-tied-to-tied.de\/index.php?rest_route=\/wp\/v2\/users\/1"}],"replies":[{"embeddable":true,"href":"https:\/\/www.van-tied-to-tied.de\/index.php?rest_route=%2Fwp%2Fv2%2Fcomments&post=1"}],"version-history":[{"count":50,"href":"https:\/\/www.van-tied-to-tied.de\/index.php?rest_route=\/wp\/v2\/posts\/1\/revisions"}],"predecessor-version":[{"id":326,"href":"https:\/\/www.van-tied-to-tied.de\/index.php?rest_route=\/wp\/v2\/posts\/1\/revisions\/326"}],"wp:attachment":[{"href":"https:\/\/www.van-tied-to-tied.de\/index.php?rest_route=%2Fwp%2Fv2%2Fmedia&parent=1"}],"wp:term":[{"taxonomy":"category","embeddable":true,"href":"https:\/\/www.van-tied-to-tied.de\/index.php?rest_route=%2Fwp%2Fv2%2Fcategories&post=1"},{"taxonomy":"post_tag","embeddable":true,"href":"https:\/\/www.van-tied-to-tied.de\/index.php?rest_route=%2Fwp%2Fv2%2Ftags&post=1"}],"curies":[{"name":"wp","href":"https:\/\/api.w.org\/{rel}","templated":true}]}}